{"id":1389,"date":"2012-11-28T08:30:00","date_gmt":"2012-11-28T07:30:00","guid":{"rendered":"http:\/\/www.franckdion.net\/voim2020\/?p=1389"},"modified":"2021-02-05T14:20:12","modified_gmt":"2021-02-05T13:20:12","slug":"le-devoir-parle-dedmond","status":"publish","type":"post","link":"https:\/\/www.franckdion.net\/voim2020\/2012\/11\/28\/le-devoir-parle-dedmond\/","title":{"rendered":"Le Devoir parle d&rsquo;Edmond"},"content":{"rendered":"\n<p>\u00e0 l&rsquo;occasion d&rsquo;un voyage \u00e0 Montr\u00e9al et \u00e0 Quebec pour y faire des classes de ma\u00eetres et notamment parler de mon dernier film, Edmond \u00e9tait un \u00e2ne,  le film a fait l&rsquo;objet de tr\u00e8s \u00e9logieux articles dans la presse Montr\u00e9alaise dont celui du tr\u00e8s prestigieux Devoir.<\/p>\n","protected":false},"excerpt":{"rendered":"<p>\u00e0 l&rsquo;occasion d&rsquo;un voyage \u00e0 Montr\u00e9al et \u00e0 Quebec pour y faire des classes de ma\u00eetres et notamment parler de mon dernier film, Edmond \u00e9tait un \u00e2ne, le film a fait l&rsquo;objet de tr\u00e8s \u00e9logieux articles dans la presse Montr\u00e9alaise dont celui du tr\u00e8s prestigieux Devoir.<\/p>\n","protected":false},"author":1,"featured_media":1390,"comment_status":"closed","ping_status":"open","sticky":false,"template":"","format":"standard","meta":{"footnotes":""},"categories":[6,4],"tags":[],"class_list":["post-1389","post","type-post","status-publish","format-standard","has-post-thumbnail","hentry","category-courts-metrages","category-making-of"],"yoast_head":"<!-- This site is optimized with the Yoast SEO plugin v22.4 - https:\/\/yoast.com\/wordpress\/plugins\/seo\/ -->\n<title>Le Devoir parle d&#039;Edmond - Les voyages imaginaires de Franck Dion<\/title>\n<meta name=\"robots\" content=\"index, follow, max-snippet:-1, max-image-preview:large, max-video-preview:-1\" \/>\n<link rel=\"canonical\" href=\"https:\/\/www.franckdion.net\/voim2020\/2012\/11\/28\/le-devoir-parle-dedmond\/\" \/>\n<meta property=\"og:locale\" content=\"fr_FR\" \/>\n<meta property=\"og:type\" content=\"article\" \/>\n<meta property=\"og:title\" content=\"Le Devoir parle d&#039;Edmond - Les voyages imaginaires de Franck Dion\" \/>\n<meta property=\"og:description\" content=\"\u00e0 l&rsquo;occasion d&rsquo;un voyage \u00e0 Montr\u00e9al et \u00e0 Quebec pour y faire des classes de ma\u00eetres et notamment parler de mon dernier film, Edmond \u00e9tait un \u00e2ne, le film a fait l&rsquo;objet de tr\u00e8s \u00e9logieux articles dans la presse Montr\u00e9alaise dont celui du tr\u00e8s prestigieux Devoir.\" \/>\n<meta property=\"og:url\" content=\"https:\/\/www.franckdion.net\/voim2020\/2012\/11\/28\/le-devoir-parle-dedmond\/\" \/>\n<meta property=\"og:site_name\" content=\"Les voyages imaginaires de Franck Dion\" \/>\n<meta property=\"article:publisher\" content=\"https:\/\/www.facebook.com\/voimfranckdion\" \/>\n<meta property=\"article:published_time\" content=\"2012-11-28T07:30:00+00:00\" \/>\n<meta property=\"article:modified_time\" content=\"2021-02-05T13:20:12+00:00\" \/>\n<meta property=\"og:image\" content=\"https:\/\/www.franckdion.net\/voim2020\/wp-content\/uploads\/2021\/02\/edmond_devoir.jpg\" \/>\n\t<meta property=\"og:image:width\" content=\"764\" \/>\n\t<meta property=\"og:image:height\" content=\"1024\" \/>\n\t<meta property=\"og:image:type\" content=\"image\/jpeg\" \/>\n<meta name=\"author\" content=\"Franck Dion\" \/>\n<meta name=\"twitter:card\" content=\"summary_large_image\" \/>\n<meta name=\"twitter:label1\" content=\"\u00c9crit par\" \/>\n\t<meta name=\"twitter:data1\" content=\"Franck Dion\" \/>\n<script type=\"application\/ld+json\" class=\"yoast-schema-graph\">{\"@context\":\"https:\/\/schema.org\",\"@graph\":[{\"@type\":\"WebPage\",\"@id\":\"https:\/\/www.franckdion.net\/voim2020\/2012\/11\/28\/le-devoir-parle-dedmond\/\",\"url\":\"https:\/\/www.franckdion.net\/voim2020\/2012\/11\/28\/le-devoir-parle-dedmond\/\",\"name\":\"Le Devoir parle d'Edmond - Les voyages imaginaires de Franck Dion\",\"isPartOf\":{\"@id\":\"http:\/\/www.franckdion.net\/voim2020\/#website\"},\"primaryImageOfPage\":{\"@id\":\"https:\/\/www.franckdion.net\/voim2020\/2012\/11\/28\/le-devoir-parle-dedmond\/#primaryimage\"},\"image\":{\"@id\":\"https:\/\/www.franckdion.net\/voim2020\/2012\/11\/28\/le-devoir-parle-dedmond\/#primaryimage\"},\"thumbnailUrl\":\"https:\/\/www.franckdion.net\/voim2020\/wp-content\/uploads\/2021\/02\/edmond_devoir.jpg\",\"datePublished\":\"2012-11-28T07:30:00+00:00\",\"dateModified\":\"2021-02-05T13:20:12+00:00\",\"author\":{\"@id\":\"http:\/\/www.franckdion.net\/voim2020\/#\/schema\/person\/ada6d1e38d916eaebb4bef197fb659cb\"},\"breadcrumb\":{\"@id\":\"https:\/\/www.franckdion.net\/voim2020\/2012\/11\/28\/le-devoir-parle-dedmond\/#breadcrumb\"},\"inLanguage\":\"fr-FR\",\"potentialAction\":[{\"@type\":\"ReadAction\",\"target\":[\"https:\/\/www.franckdion.net\/voim2020\/2012\/11\/28\/le-devoir-parle-dedmond\/\"]}]},{\"@type\":\"ImageObject\",\"inLanguage\":\"fr-FR\",\"@id\":\"https:\/\/www.franckdion.net\/voim2020\/2012\/11\/28\/le-devoir-parle-dedmond\/#primaryimage\",\"url\":\"https:\/\/www.franckdion.net\/voim2020\/wp-content\/uploads\/2021\/02\/edmond_devoir.jpg\",\"contentUrl\":\"https:\/\/www.franckdion.net\/voim2020\/wp-content\/uploads\/2021\/02\/edmond_devoir.jpg\",\"width\":764,\"height\":1024},{\"@type\":\"BreadcrumbList\",\"@id\":\"https:\/\/www.franckdion.net\/voim2020\/2012\/11\/28\/le-devoir-parle-dedmond\/#breadcrumb\",\"itemListElement\":[{\"@type\":\"ListItem\",\"position\":1,\"name\":\"Accueil\",\"item\":\"http:\/\/www.franckdion.net\/voim2020\/\"},{\"@type\":\"ListItem\",\"position\":2,\"name\":\"Le Devoir parle d&rsquo;Edmond\"}]},{\"@type\":\"WebSite\",\"@id\":\"http:\/\/www.franckdion.net\/voim2020\/#website\",\"url\":\"http:\/\/www.franckdion.net\/voim2020\/\",\"name\":\"Les voyages imaginaires de Franck Dion\",\"description\":\"R\u00e9alisateur, Illustrateur, Touriste immobile\",\"potentialAction\":[{\"@type\":\"SearchAction\",\"target\":{\"@type\":\"EntryPoint\",\"urlTemplate\":\"http:\/\/www.franckdion.net\/voim2020\/?s={search_term_string}\"},\"query-input\":\"required name=search_term_string\"}],\"inLanguage\":\"fr-FR\"},{\"@type\":\"Person\",\"@id\":\"http:\/\/www.franckdion.net\/voim2020\/#\/schema\/person\/ada6d1e38d916eaebb4bef197fb659cb\",\"name\":\"Franck Dion\",\"image\":{\"@type\":\"ImageObject\",\"inLanguage\":\"fr-FR\",\"@id\":\"http:\/\/www.franckdion.net\/voim2020\/#\/schema\/person\/image\/\",\"url\":\"https:\/\/secure.gravatar.com\/avatar\/99623b7a38604d2d9282adc9d4c8806cf2b149f44bff96ab7af3a478f3557293?s=96&d=mm&r=g\",\"contentUrl\":\"https:\/\/secure.gravatar.com\/avatar\/99623b7a38604d2d9282adc9d4c8806cf2b149f44bff96ab7af3a478f3557293?s=96&d=mm&r=g\",\"caption\":\"Franck Dion\"},\"sameAs\":[\"http:\/\/www.franckdion.net\/voim2020\"],\"url\":\"https:\/\/www.franckdion.net\/voim2020\/author\/franckdi20\/\"}]}<\/script>\n<!-- \/ Yoast SEO plugin. -->","yoast_head_json":{"title":"Le Devoir parle d'Edmond - Les voyages imaginaires de Franck Dion","robots":{"index":"index","follow":"follow","max-snippet":"max-snippet:-1","max-image-preview":"max-image-preview:large","max-video-preview":"max-video-preview:-1"},"canonical":"https:\/\/www.franckdion.net\/voim2020\/2012\/11\/28\/le-devoir-parle-dedmond\/","og_locale":"fr_FR","og_type":"article","og_title":"Le Devoir parle d'Edmond - Les voyages imaginaires de Franck Dion","og_description":"\u00e0 l&rsquo;occasion d&rsquo;un voyage \u00e0 Montr\u00e9al et \u00e0 Quebec pour y faire des classes de ma\u00eetres et notamment parler de mon dernier film, Edmond \u00e9tait un \u00e2ne, le film a fait l&rsquo;objet de tr\u00e8s \u00e9logieux articles dans la presse Montr\u00e9alaise dont celui du tr\u00e8s prestigieux Devoir.","og_url":"https:\/\/www.franckdion.net\/voim2020\/2012\/11\/28\/le-devoir-parle-dedmond\/","og_site_name":"Les voyages imaginaires de Franck Dion","article_publisher":"https:\/\/www.facebook.com\/voimfranckdion","article_published_time":"2012-11-28T07:30:00+00:00","article_modified_time":"2021-02-05T13:20:12+00:00","og_image":[{"width":764,"height":1024,"url":"https:\/\/www.franckdion.net\/voim2020\/wp-content\/uploads\/2021\/02\/edmond_devoir.jpg","type":"image\/jpeg"}],"author":"Franck Dion","twitter_card":"summary_large_image","twitter_misc":{"\u00c9crit par":"Franck Dion"},"schema":{"@context":"https:\/\/schema.org","@graph":[{"@type":"WebPage","@id":"https:\/\/www.franckdion.net\/voim2020\/2012\/11\/28\/le-devoir-parle-dedmond\/","url":"https:\/\/www.franckdion.net\/voim2020\/2012\/11\/28\/le-devoir-parle-dedmond\/","name":"Le Devoir parle d'Edmond - Les voyages imaginaires de Franck Dion","isPartOf":{"@id":"http:\/\/www.franckdion.net\/voim2020\/#website"},"primaryImageOfPage":{"@id":"https:\/\/www.franckdion.net\/voim2020\/2012\/11\/28\/le-devoir-parle-dedmond\/#primaryimage"},"image":{"@id":"https:\/\/www.franckdion.net\/voim2020\/2012\/11\/28\/le-devoir-parle-dedmond\/#primaryimage"},"thumbnailUrl":"https:\/\/www.franckdion.net\/voim2020\/wp-content\/uploads\/2021\/02\/edmond_devoir.jpg","datePublished":"2012-11-28T07:30:00+00:00","dateModified":"2021-02-05T13:20:12+00:00","author":{"@id":"http:\/\/www.franckdion.net\/voim2020\/#\/schema\/person\/ada6d1e38d916eaebb4bef197fb659cb"},"breadcrumb":{"@id":"https:\/\/www.franckdion.net\/voim2020\/2012\/11\/28\/le-devoir-parle-dedmond\/#breadcrumb"},"inLanguage":"fr-FR","potentialAction":[{"@type":"ReadAction","target":["https:\/\/www.franckdion.net\/voim2020\/2012\/11\/28\/le-devoir-parle-dedmond\/"]}]},{"@type":"ImageObject","inLanguage":"fr-FR","@id":"https:\/\/www.franckdion.net\/voim2020\/2012\/11\/28\/le-devoir-parle-dedmond\/#primaryimage","url":"https:\/\/www.franckdion.net\/voim2020\/wp-content\/uploads\/2021\/02\/edmond_devoir.jpg","contentUrl":"https:\/\/www.franckdion.net\/voim2020\/wp-content\/uploads\/2021\/02\/edmond_devoir.jpg","width":764,"height":1024},{"@type":"BreadcrumbList","@id":"https:\/\/www.franckdion.net\/voim2020\/2012\/11\/28\/le-devoir-parle-dedmond\/#breadcrumb","itemListElement":[{"@type":"ListItem","position":1,"name":"Accueil","item":"http:\/\/www.franckdion.net\/voim2020\/"},{"@type":"ListItem","position":2,"name":"Le Devoir parle d&rsquo;Edmond"}]},{"@type":"WebSite","@id":"http:\/\/www.franckdion.net\/voim2020\/#website","url":"http:\/\/www.franckdion.net\/voim2020\/","name":"Les voyages imaginaires de Franck Dion","description":"R\u00e9alisateur, Illustrateur, Touriste immobile","potentialAction":[{"@type":"SearchAction","target":{"@type":"EntryPoint","urlTemplate":"http:\/\/www.franckdion.net\/voim2020\/?s={search_term_string}"},"query-input":"required name=search_term_string"}],"inLanguage":"fr-FR"},{"@type":"Person","@id":"http:\/\/www.franckdion.net\/voim2020\/#\/schema\/person\/ada6d1e38d916eaebb4bef197fb659cb","name":"Franck Dion","image":{"@type":"ImageObject","inLanguage":"fr-FR","@id":"http:\/\/www.franckdion.net\/voim2020\/#\/schema\/person\/image\/","url":"https:\/\/secure.gravatar.com\/avatar\/99623b7a38604d2d9282adc9d4c8806cf2b149f44bff96ab7af3a478f3557293?s=96&d=mm&r=g","contentUrl":"https:\/\/secure.gravatar.com\/avatar\/99623b7a38604d2d9282adc9d4c8806cf2b149f44bff96ab7af3a478f3557293?s=96&d=mm&r=g","caption":"Franck Dion"},"sameAs":["http:\/\/www.franckdion.net\/voim2020"],"url":"https:\/\/www.franckdion.net\/voim2020\/author\/franckdi20\/"}]}},"_links":{"self":[{"href":"https:\/\/www.franckdion.net\/voim2020\/wp-json\/wp\/v2\/posts\/1389","targetHints":{"allow":["GET"]}}],"collection":[{"href":"https:\/\/www.franckdion.net\/voim2020\/wp-json\/wp\/v2\/posts"}],"about":[{"href":"https:\/\/www.franckdion.net\/voim2020\/wp-json\/wp\/v2\/types\/post"}],"author":[{"embeddable":true,"href":"https:\/\/www.franckdion.net\/voim2020\/wp-json\/wp\/v2\/users\/1"}],"replies":[{"embeddable":true,"href":"https:\/\/www.franckdion.net\/voim2020\/wp-json\/wp\/v2\/comments?post=1389"}],"version-history":[{"count":1,"href":"https:\/\/www.franckdion.net\/voim2020\/wp-json\/wp\/v2\/posts\/1389\/revisions"}],"predecessor-version":[{"id":1391,"href":"https:\/\/www.franckdion.net\/voim2020\/wp-json\/wp\/v2\/posts\/1389\/revisions\/1391"}],"wp:featuredmedia":[{"embeddable":true,"href":"https:\/\/www.franckdion.net\/voim2020\/wp-json\/wp\/v2\/media\/1390"}],"wp:attachment":[{"href":"https:\/\/www.franckdion.net\/voim2020\/wp-json\/wp\/v2\/media?parent=1389"}],"wp:term":[{"taxonomy":"category","embeddable":true,"href":"https:\/\/www.franckdion.net\/voim2020\/wp-json\/wp\/v2\/categories?post=1389"},{"taxonomy":"post_tag","embeddable":true,"href":"https:\/\/www.franckdion.net\/voim2020\/wp-json\/wp\/v2\/tags?post=1389"}],"curies":[{"name":"wp","href":"https:\/\/api.w.org\/{rel}","templated":true}]}}