{"id":707,"date":"2021-01-24T18:48:00","date_gmt":"2021-01-24T17:48:00","guid":{"rendered":"http:\/\/www.franckdion.net\/voim2020\/?p=707"},"modified":"2021-02-03T11:45:23","modified_gmt":"2021-02-03T10:45:23","slug":"gare-fantome","status":"publish","type":"post","link":"https:\/\/www.franckdion.net\/voim2020\/2021\/01\/24\/gare-fantome\/","title":{"rendered":"Gare fant\u00f4me"},"content":{"rendered":"\n<p>Dans la liste interminable des \u00e9v\u00e9nements publics qui ont \u00e9t\u00e9 annul\u00e9s pour cause de pand\u00e9mie, il y a eu l&rsquo;\u00e9dition 2020 du Video Mapping Festival \u00e0 Lille. Manifestation d&rsquo;importance (120.000 spectateurs en 2019), organis\u00e9e par Les<a href=\"https:\/\/www.rencontres-audiovisuelles.org\/\"> Rencontres Audiovisuelles<\/a>, En compagnie d&rsquo;autres artistes, j&rsquo;ai particip\u00e9 en novembre 2019 \u00e0 une r\u00e9sidences consacr\u00e9e \u00e0 l&rsquo;\u00e9criture d&rsquo;un court film en Video mapping  dont la vocation \u00e9tait d&rsquo;\u00eatre projet\u00e9 sur un b\u00e2timent Lillois. Mon choix (et celui d&rsquo;autres artistes) s&rsquo;est port\u00e9 sur la gare de Lille Flandres, tant pour les possibilit\u00e9s qu&rsquo;offrent sa fa\u00e7ade pour les projections  d&rsquo;images g\u00e9antes que pour l&rsquo;int\u00e9r\u00eat que je porte \u00e0 l&rsquo;histoire de cette gare \u00ab\u00a0qui a pris le train\u00a0\u00bb. Les films ayant d\u00fb \u00eatre projet\u00e9s en mars 2020 lors du festival, je vous laisse deviner la suite des \u00e9v\u00e9nements &#8230; Avec une pr\u00e9caution bien compr\u00e9hensible, les organisateurs ont d\u00e9plac\u00e9 la date de l\u2019\u00e9v\u00e9nement \u00e0 mars 2022.<\/p>\n","protected":false},"excerpt":{"rendered":"<p>Dans la liste interminable des \u00e9v\u00e9nements publics qui ont \u00e9t\u00e9 annul\u00e9s pour cause de pand\u00e9mie, il y a eu l&rsquo;\u00e9dition 2020 du Video Mapping Festival \u00e0 Lille. Manifestation d&rsquo;importance (120.000 spectateurs en 2019), organis\u00e9e par Les Rencontres Audiovisuelles, En compagnie d&rsquo;autres artistes, j&rsquo;ai particip\u00e9 en novembre 2019 \u00e0 une r\u00e9sidences consacr\u00e9e \u00e0 l&rsquo;\u00e9criture d&rsquo;un court [&hellip;]<\/p>\n","protected":false},"author":1,"featured_media":714,"comment_status":"closed","ping_status":"open","sticky":false,"template":"","format":"standard","meta":{"footnotes":""},"categories":[3,4],"tags":[],"class_list":["post-707","post","type-post","status-publish","format-standard","has-post-thumbnail","hentry","category-animation","category-making-of"],"yoast_head":"<!-- This site is optimized with the Yoast SEO plugin v22.4 - https:\/\/yoast.com\/wordpress\/plugins\/seo\/ -->\n<title>Gare fant\u00f4me - Les voyages imaginaires de Franck Dion<\/title>\n<meta name=\"robots\" content=\"index, follow, max-snippet:-1, max-image-preview:large, max-video-preview:-1\" \/>\n<link rel=\"canonical\" href=\"http:\/\/www.franckdion.net\/voim2020\/2021\/01\/24\/gare-fantome\/\" \/>\n<meta property=\"og:locale\" content=\"fr_FR\" \/>\n<meta property=\"og:type\" content=\"article\" \/>\n<meta property=\"og:title\" content=\"Gare fant\u00f4me - Les voyages imaginaires de Franck Dion\" \/>\n<meta property=\"og:description\" content=\"Dans la liste interminable des \u00e9v\u00e9nements publics qui ont \u00e9t\u00e9 annul\u00e9s pour cause de pand\u00e9mie, il y a eu l&rsquo;\u00e9dition 2020 du Video Mapping Festival \u00e0 Lille. Manifestation d&rsquo;importance (120.000 spectateurs en 2019), organis\u00e9e par Les Rencontres Audiovisuelles, En compagnie d&rsquo;autres artistes, j&rsquo;ai particip\u00e9 en novembre 2019 \u00e0 une r\u00e9sidences consacr\u00e9e \u00e0 l&rsquo;\u00e9criture d&rsquo;un court [&hellip;]\" \/>\n<meta property=\"og:url\" content=\"http:\/\/www.franckdion.net\/voim2020\/2021\/01\/24\/gare-fantome\/\" \/>\n<meta property=\"og:site_name\" content=\"Les voyages imaginaires de Franck Dion\" \/>\n<meta property=\"article:publisher\" content=\"https:\/\/www.facebook.com\/voimfranckdion\" \/>\n<meta property=\"article:published_time\" content=\"2021-01-24T17:48:00+00:00\" \/>\n<meta property=\"article:modified_time\" content=\"2021-02-03T10:45:23+00:00\" \/>\n<meta property=\"og:image\" content=\"http:\/\/www.franckdion.net\/voim2020\/wp-content\/uploads\/2021\/01\/gare_fantome-1.jpg\" \/>\n\t<meta property=\"og:image:width\" content=\"702\" \/>\n\t<meta property=\"og:image:height\" content=\"992\" \/>\n\t<meta property=\"og:image:type\" content=\"image\/jpeg\" \/>\n<meta name=\"author\" content=\"Franck Dion\" \/>\n<meta name=\"twitter:card\" content=\"summary_large_image\" \/>\n<meta name=\"twitter:label1\" content=\"\u00c9crit par\" \/>\n\t<meta name=\"twitter:data1\" content=\"Franck Dion\" \/>\n\t<meta name=\"twitter:label2\" content=\"Dur\u00e9e de lecture estim\u00e9e\" \/>\n\t<meta name=\"twitter:data2\" content=\"1 minute\" \/>\n<script type=\"application\/ld+json\" class=\"yoast-schema-graph\">{\"@context\":\"https:\/\/schema.org\",\"@graph\":[{\"@type\":\"WebPage\",\"@id\":\"http:\/\/www.franckdion.net\/voim2020\/2021\/01\/24\/gare-fantome\/\",\"url\":\"http:\/\/www.franckdion.net\/voim2020\/2021\/01\/24\/gare-fantome\/\",\"name\":\"Gare fant\u00f4me - Les voyages imaginaires de Franck Dion\",\"isPartOf\":{\"@id\":\"http:\/\/www.franckdion.net\/voim2020\/#website\"},\"primaryImageOfPage\":{\"@id\":\"http:\/\/www.franckdion.net\/voim2020\/2021\/01\/24\/gare-fantome\/#primaryimage\"},\"image\":{\"@id\":\"http:\/\/www.franckdion.net\/voim2020\/2021\/01\/24\/gare-fantome\/#primaryimage\"},\"thumbnailUrl\":\"https:\/\/www.franckdion.net\/voim2020\/wp-content\/uploads\/2021\/01\/gare_fantome-1.jpg\",\"datePublished\":\"2021-01-24T17:48:00+00:00\",\"dateModified\":\"2021-02-03T10:45:23+00:00\",\"author\":{\"@id\":\"http:\/\/www.franckdion.net\/voim2020\/#\/schema\/person\/ada6d1e38d916eaebb4bef197fb659cb\"},\"breadcrumb\":{\"@id\":\"http:\/\/www.franckdion.net\/voim2020\/2021\/01\/24\/gare-fantome\/#breadcrumb\"},\"inLanguage\":\"fr-FR\",\"potentialAction\":[{\"@type\":\"ReadAction\",\"target\":[\"http:\/\/www.franckdion.net\/voim2020\/2021\/01\/24\/gare-fantome\/\"]}]},{\"@type\":\"ImageObject\",\"inLanguage\":\"fr-FR\",\"@id\":\"http:\/\/www.franckdion.net\/voim2020\/2021\/01\/24\/gare-fantome\/#primaryimage\",\"url\":\"https:\/\/www.franckdion.net\/voim2020\/wp-content\/uploads\/2021\/01\/gare_fantome-1.jpg\",\"contentUrl\":\"https:\/\/www.franckdion.net\/voim2020\/wp-content\/uploads\/2021\/01\/gare_fantome-1.jpg\",\"width\":702,\"height\":992},{\"@type\":\"BreadcrumbList\",\"@id\":\"http:\/\/www.franckdion.net\/voim2020\/2021\/01\/24\/gare-fantome\/#breadcrumb\",\"itemListElement\":[{\"@type\":\"ListItem\",\"position\":1,\"name\":\"Accueil\",\"item\":\"http:\/\/www.franckdion.net\/voim2020\/\"},{\"@type\":\"ListItem\",\"position\":2,\"name\":\"Gare fant\u00f4me\"}]},{\"@type\":\"WebSite\",\"@id\":\"http:\/\/www.franckdion.net\/voim2020\/#website\",\"url\":\"http:\/\/www.franckdion.net\/voim2020\/\",\"name\":\"Les voyages imaginaires de Franck Dion\",\"description\":\"R\u00e9alisateur, Illustrateur, Touriste immobile\",\"potentialAction\":[{\"@type\":\"SearchAction\",\"target\":{\"@type\":\"EntryPoint\",\"urlTemplate\":\"http:\/\/www.franckdion.net\/voim2020\/?s={search_term_string}\"},\"query-input\":\"required name=search_term_string\"}],\"inLanguage\":\"fr-FR\"},{\"@type\":\"Person\",\"@id\":\"http:\/\/www.franckdion.net\/voim2020\/#\/schema\/person\/ada6d1e38d916eaebb4bef197fb659cb\",\"name\":\"Franck Dion\",\"image\":{\"@type\":\"ImageObject\",\"inLanguage\":\"fr-FR\",\"@id\":\"http:\/\/www.franckdion.net\/voim2020\/#\/schema\/person\/image\/\",\"url\":\"https:\/\/secure.gravatar.com\/avatar\/99623b7a38604d2d9282adc9d4c8806cf2b149f44bff96ab7af3a478f3557293?s=96&d=mm&r=g\",\"contentUrl\":\"https:\/\/secure.gravatar.com\/avatar\/99623b7a38604d2d9282adc9d4c8806cf2b149f44bff96ab7af3a478f3557293?s=96&d=mm&r=g\",\"caption\":\"Franck Dion\"},\"sameAs\":[\"http:\/\/www.franckdion.net\/voim2020\"],\"url\":\"https:\/\/www.franckdion.net\/voim2020\/author\/franckdi20\/\"}]}<\/script>\n<!-- \/ Yoast SEO plugin. -->","yoast_head_json":{"title":"Gare fant\u00f4me - Les voyages imaginaires de Franck Dion","robots":{"index":"index","follow":"follow","max-snippet":"max-snippet:-1","max-image-preview":"max-image-preview:large","max-video-preview":"max-video-preview:-1"},"canonical":"http:\/\/www.franckdion.net\/voim2020\/2021\/01\/24\/gare-fantome\/","og_locale":"fr_FR","og_type":"article","og_title":"Gare fant\u00f4me - Les voyages imaginaires de Franck Dion","og_description":"Dans la liste interminable des \u00e9v\u00e9nements publics qui ont \u00e9t\u00e9 annul\u00e9s pour cause de pand\u00e9mie, il y a eu l&rsquo;\u00e9dition 2020 du Video Mapping Festival \u00e0 Lille. Manifestation d&rsquo;importance (120.000 spectateurs en 2019), organis\u00e9e par Les Rencontres Audiovisuelles, En compagnie d&rsquo;autres artistes, j&rsquo;ai particip\u00e9 en novembre 2019 \u00e0 une r\u00e9sidences consacr\u00e9e \u00e0 l&rsquo;\u00e9criture d&rsquo;un court [&hellip;]","og_url":"http:\/\/www.franckdion.net\/voim2020\/2021\/01\/24\/gare-fantome\/","og_site_name":"Les voyages imaginaires de Franck Dion","article_publisher":"https:\/\/www.facebook.com\/voimfranckdion","article_published_time":"2021-01-24T17:48:00+00:00","article_modified_time":"2021-02-03T10:45:23+00:00","og_image":[{"width":702,"height":992,"url":"http:\/\/www.franckdion.net\/voim2020\/wp-content\/uploads\/2021\/01\/gare_fantome-1.jpg","type":"image\/jpeg"}],"author":"Franck Dion","twitter_card":"summary_large_image","twitter_misc":{"\u00c9crit par":"Franck Dion","Dur\u00e9e de lecture estim\u00e9e":"1 minute"},"schema":{"@context":"https:\/\/schema.org","@graph":[{"@type":"WebPage","@id":"http:\/\/www.franckdion.net\/voim2020\/2021\/01\/24\/gare-fantome\/","url":"http:\/\/www.franckdion.net\/voim2020\/2021\/01\/24\/gare-fantome\/","name":"Gare fant\u00f4me - Les voyages imaginaires de Franck Dion","isPartOf":{"@id":"http:\/\/www.franckdion.net\/voim2020\/#website"},"primaryImageOfPage":{"@id":"http:\/\/www.franckdion.net\/voim2020\/2021\/01\/24\/gare-fantome\/#primaryimage"},"image":{"@id":"http:\/\/www.franckdion.net\/voim2020\/2021\/01\/24\/gare-fantome\/#primaryimage"},"thumbnailUrl":"https:\/\/www.franckdion.net\/voim2020\/wp-content\/uploads\/2021\/01\/gare_fantome-1.jpg","datePublished":"2021-01-24T17:48:00+00:00","dateModified":"2021-02-03T10:45:23+00:00","author":{"@id":"http:\/\/www.franckdion.net\/voim2020\/#\/schema\/person\/ada6d1e38d916eaebb4bef197fb659cb"},"breadcrumb":{"@id":"http:\/\/www.franckdion.net\/voim2020\/2021\/01\/24\/gare-fantome\/#breadcrumb"},"inLanguage":"fr-FR","potentialAction":[{"@type":"ReadAction","target":["http:\/\/www.franckdion.net\/voim2020\/2021\/01\/24\/gare-fantome\/"]}]},{"@type":"ImageObject","inLanguage":"fr-FR","@id":"http:\/\/www.franckdion.net\/voim2020\/2021\/01\/24\/gare-fantome\/#primaryimage","url":"https:\/\/www.franckdion.net\/voim2020\/wp-content\/uploads\/2021\/01\/gare_fantome-1.jpg","contentUrl":"https:\/\/www.franckdion.net\/voim2020\/wp-content\/uploads\/2021\/01\/gare_fantome-1.jpg","width":702,"height":992},{"@type":"BreadcrumbList","@id":"http:\/\/www.franckdion.net\/voim2020\/2021\/01\/24\/gare-fantome\/#breadcrumb","itemListElement":[{"@type":"ListItem","position":1,"name":"Accueil","item":"http:\/\/www.franckdion.net\/voim2020\/"},{"@type":"ListItem","position":2,"name":"Gare fant\u00f4me"}]},{"@type":"WebSite","@id":"http:\/\/www.franckdion.net\/voim2020\/#website","url":"http:\/\/www.franckdion.net\/voim2020\/","name":"Les voyages imaginaires de Franck Dion","description":"R\u00e9alisateur, Illustrateur, Touriste immobile","potentialAction":[{"@type":"SearchAction","target":{"@type":"EntryPoint","urlTemplate":"http:\/\/www.franckdion.net\/voim2020\/?s={search_term_string}"},"query-input":"required name=search_term_string"}],"inLanguage":"fr-FR"},{"@type":"Person","@id":"http:\/\/www.franckdion.net\/voim2020\/#\/schema\/person\/ada6d1e38d916eaebb4bef197fb659cb","name":"Franck Dion","image":{"@type":"ImageObject","inLanguage":"fr-FR","@id":"http:\/\/www.franckdion.net\/voim2020\/#\/schema\/person\/image\/","url":"https:\/\/secure.gravatar.com\/avatar\/99623b7a38604d2d9282adc9d4c8806cf2b149f44bff96ab7af3a478f3557293?s=96&d=mm&r=g","contentUrl":"https:\/\/secure.gravatar.com\/avatar\/99623b7a38604d2d9282adc9d4c8806cf2b149f44bff96ab7af3a478f3557293?s=96&d=mm&r=g","caption":"Franck Dion"},"sameAs":["http:\/\/www.franckdion.net\/voim2020"],"url":"https:\/\/www.franckdion.net\/voim2020\/author\/franckdi20\/"}]}},"_links":{"self":[{"href":"https:\/\/www.franckdion.net\/voim2020\/wp-json\/wp\/v2\/posts\/707","targetHints":{"allow":["GET"]}}],"collection":[{"href":"https:\/\/www.franckdion.net\/voim2020\/wp-json\/wp\/v2\/posts"}],"about":[{"href":"https:\/\/www.franckdion.net\/voim2020\/wp-json\/wp\/v2\/types\/post"}],"author":[{"embeddable":true,"href":"https:\/\/www.franckdion.net\/voim2020\/wp-json\/wp\/v2\/users\/1"}],"replies":[{"embeddable":true,"href":"https:\/\/www.franckdion.net\/voim2020\/wp-json\/wp\/v2\/comments?post=707"}],"version-history":[{"count":8,"href":"https:\/\/www.franckdion.net\/voim2020\/wp-json\/wp\/v2\/posts\/707\/revisions"}],"predecessor-version":[{"id":1057,"href":"https:\/\/www.franckdion.net\/voim2020\/wp-json\/wp\/v2\/posts\/707\/revisions\/1057"}],"wp:featuredmedia":[{"embeddable":true,"href":"https:\/\/www.franckdion.net\/voim2020\/wp-json\/wp\/v2\/media\/714"}],"wp:attachment":[{"href":"https:\/\/www.franckdion.net\/voim2020\/wp-json\/wp\/v2\/media?parent=707"}],"wp:term":[{"taxonomy":"category","embeddable":true,"href":"https:\/\/www.franckdion.net\/voim2020\/wp-json\/wp\/v2\/categories?post=707"},{"taxonomy":"post_tag","embeddable":true,"href":"https:\/\/www.franckdion.net\/voim2020\/wp-json\/wp\/v2\/tags?post=707"}],"curies":[{"name":"wp","href":"https:\/\/api.w.org\/{rel}","templated":true}]}}